{"id":11211,"date":"2021-03-16T14:59:08","date_gmt":"2021-03-16T18:59:08","guid":{"rendered":"http:\/\/ccjc.ca\/?p=11211"},"modified":"2021-03-16T14:59:08","modified_gmt":"2021-03-16T18:59:08","slug":"cejc-mise-a-jour-mars-2021-pamela-dillon-presidente-du-conseil","status":"publish","type":"post","link":"https:\/\/ccjc.ca\/fr\/cejc-mise-a-jour-mars-2021-pamela-dillon-presidente-du-conseil\/","title":{"rendered":"CEJC : Mise \u00e0 jour, mars 2021 \u2013 Pamela Dillon, Pr\u00e9sidente du Conseil"},"content":{"rendered":"<p><strong>Rapport de la Pr\u00e9sidente<\/strong><\/p>\n<p>Il me semble \u00e9trange, alors que j\u2019avance dans cette p\u00e9riode du Car\u00eame, de r\u00e9fl\u00e9chir au type de pratique appropri\u00e9e que je pourrais adopter pour ce Car\u00eame particulier. Je me souviens des remarques de notre aum\u00f4nier de prison dans son sermon la semaine derni\u00e8re ; \u00ab nous marchons sur le chemin du car\u00eame depuis pr\u00e8s d&rsquo;un an maintenant\u00bb. Je suis frapp\u00e9e par ces sentiments et je les partage avec vous ici, afin de reconna\u00eetre comment nous avons tous, \u00e0 notre mani\u00e8re, \u00e9t\u00e9 contraints \u00e0 une profonde r\u00e9flexion spirituelle. Nous pleurons les millions de morts du COVID, dont beaucoup nous sont connus. Nous d\u00e9plorons les lacunes des soins de sant\u00e9 pour les plus vuln\u00e9rables, en particulier dans les communaut\u00e9s autochtones isol\u00e9es. Nous avons \u00e9t\u00e9 isol\u00e9s et s\u00e9par\u00e9s de nos proches pour le bien de nos communaut\u00e9s et de notre monde. Cette derni\u00e8re ann\u00e9e nous a appel\u00e9s \u00e0 une sorte de vie sacrificielle.<\/p>\n<p>Dans ce contexte, nous avons vu des communaut\u00e9s de foi se rassembler sur Zoom. La technologie aide les id\u00e9es et les communaut\u00e9s \u00e0 grandir et \u00e0 prosp\u00e9rer. En novembre dernier, le Symposium national sur la justice r\u00e9paratrice a eu lieu en ligne. En f\u00e9vrier, l&rsquo;Institut Kairos a organis\u00e9 un \u00e9v\u00e9nement en ligne pour nous aider \u00e0 mieux comprendre ce qu&rsquo;est la DNUDPA et comment le projet de loi C-15 affectera le r\u00e9tablissement des relations entre le Canada et sa population autochtone. Il y avait 488 participants en ligne.<\/p>\n<p>La soif de connaissances sur la justice r\u00e9paratrice continue m\u00eame en temps de pand\u00e9mie. En cette p\u00e9riode de confinement extr\u00eame et d&rsquo;isolement social, on nous donne un aper\u00e7u de la vie des Canadiens purgeant une peine de prison. Lorsque nous sortirons de cette pand\u00e9mie, les technologies si utiles pour le rassemblement de la communaut\u00e9 et le partage des connaissances et des bonnes id\u00e9es trouveront-elles enfin leur chemin dans nos prisons et nos centres de d\u00e9tention?<\/p>\n<p>Au moment o\u00f9 le printemps se pointe, les rivi\u00e8res ici sont toujours prises dans la glace. Mais comme je l&rsquo;ai appris au cours de l&rsquo;ann\u00e9e \u00e9coul\u00e9e, m\u00eame lorsque les choses semblent fig\u00e9es dans le temps et dans l&rsquo;espace, l&rsquo;esprit bouge au sein de la communaut\u00e9 et la renforce. Les bonnes id\u00e9es et les nouvelles fa\u00e7ons de faire trouveront toujours un moyen. Merci de garder votre connexion au CCJC \u00ab\u00a0branch\u00e9e\u00a0\u00bb et bien vivante.<\/p>\n<p><strong>Pamela Dillon<\/strong><\/p>\n<span class=\"et_bloom_bottom_trigger\"><\/span>","protected":false},"excerpt":{"rendered":"<p>Rapport de la Pr\u00e9sidente Il me semble \u00e9trange, alors que j\u2019avance dans cette p\u00e9riode du Car\u00eame, de r\u00e9fl\u00e9chir au type de pratique appropri\u00e9e que je pourrais adopter pour ce Car\u00eame particulier. Je me souviens des remarques de notre aum\u00f4nier de prison dans son sermon la semaine derni\u00e8re ; \u00ab nous marchons sur le chemin du [&hellip;]<\/p>\n","protected":false},"author":6,"featured_media":0,"comment_status":"closed","ping_status":"open","sticky":false,"template":"","format":"standard","meta":{"_et_pb_use_builder":"","_et_pb_old_content":"","_et_gb_content_width":"","footnotes":""},"categories":[71],"tags":[],"class_list":["post-11211","post","type-post","status-publish","format-standard","hentry","category-non-classifiee"],"_links":{"self":[{"href":"https:\/\/ccjc.ca\/fr\/wp-json\/wp\/v2\/posts\/11211","targetHints":{"allow":["GET"]}}],"collection":[{"href":"https:\/\/ccjc.ca\/fr\/wp-json\/wp\/v2\/posts"}],"about":[{"href":"https:\/\/ccjc.ca\/fr\/wp-json\/wp\/v2\/types\/post"}],"author":[{"embeddable":true,"href":"https:\/\/ccjc.ca\/fr\/wp-json\/wp\/v2\/users\/6"}],"replies":[{"embeddable":true,"href":"https:\/\/ccjc.ca\/fr\/wp-json\/wp\/v2\/comments?post=11211"}],"version-history":[{"count":1,"href":"https:\/\/ccjc.ca\/fr\/wp-json\/wp\/v2\/posts\/11211\/revisions"}],"predecessor-version":[{"id":11212,"href":"https:\/\/ccjc.ca\/fr\/wp-json\/wp\/v2\/posts\/11211\/revisions\/11212"}],"wp:attachment":[{"href":"https:\/\/ccjc.ca\/fr\/wp-json\/wp\/v2\/media?parent=11211"}],"wp:term":[{"taxonomy":"category","embeddable":true,"href":"https:\/\/ccjc.ca\/fr\/wp-json\/wp\/v2\/categories?post=11211"},{"taxonomy":"post_tag","embeddable":true,"href":"https:\/\/ccjc.ca\/fr\/wp-json\/wp\/v2\/tags?post=11211"}],"curies":[{"name":"wp","href":"https:\/\/api.w.org\/{rel}","templated":true}]}}